{"id":1279,"date":"2022-08-15T16:55:55","date_gmt":"2022-08-15T16:55:55","guid":{"rendered":"https:\/\/avadawebsites.wpengine.com\/corporation\/?p=1279"},"modified":"2024-01-17T17:00:19","modified_gmt":"2024-01-17T16:00:19","slug":"storiadichristian","status":"publish","type":"post","link":"https:\/\/www.lasallefoundation.org\/it\/storiadichristian\/","title":{"rendered":"La storia di Christian"},"content":{"rendered":"<div class=\"fusion-fullwidth fullwidth-box fusion-builder-row-1 fusion-flex-container has-pattern-background has-mask-background nonhundred-percent-fullwidth non-hundred-percent-height-scrolling\" style=\"--awb-border-radius-top-left:0px;--awb-border-radius-top-right:0px;--awb-border-radius-bottom-right:0px;--awb-border-radius-bottom-left:0px;--awb-flex-wrap:wrap;\" ><div class=\"fusion-builder-row fusion-row fusion-flex-align-items-flex-start fusion-flex-justify-content-center fusion-flex-content-wrap\" style=\"max-width:1248px;margin-left: calc(-4% \/ 2 );margin-right: calc(-4% \/ 2 );\"><div class=\"fusion-layout-column fusion_builder_column fusion-builder-column-0 fusion_builder_column_1_1 1_1 fusion-flex-column\" style=\"--awb-bg-size:cover;--awb-width-large:100%;--awb-margin-top-large:0px;--awb-spacing-right-large:1.92%;--awb-margin-bottom-large:0px;--awb-spacing-left-large:1.92%;--awb-width-medium:100%;--awb-order-medium:0;--awb-spacing-right-medium:1.92%;--awb-spacing-left-medium:1.92%;--awb-width-small:100%;--awb-order-small:0;--awb-spacing-right-small:1.92%;--awb-spacing-left-small:1.92%;\"><div class=\"fusion-column-wrapper fusion-column-has-shadow fusion-flex-justify-content-flex-start fusion-content-layout-column\"><div class=\"fusion-title title fusion-title-1 fusion-sep-none fusion-title-text fusion-title-size-four\" style=\"--awb-margin-bottom:30px;--awb-margin-top-small:10px;--awb-margin-right-small:0px;--awb-margin-bottom-small:10px;--awb-margin-left-small:0px;\"><h4 class=\"fusion-title-heading title-heading-left\" style=\"margin:0;\">La storia di Christian<\/h4><\/div><div class=\"fusion-text fusion-text-1\"><p>\ud83c\udf1f&#8221;<em>Vorrei ringraziare tutto l&#8217;Atelier des Fr\u00e8res non solo per la formazione ricevuta, ma anche per aver dato significato alla mia vita.<\/em>&#8221;<\/p>\n<p><strong>Siamo davvero orgogliosi di presentarvi uno degli allievi del nostro centro di formazione professionale Atelier des Fr\u00e8res in Madagascar, Christian. <\/strong><\/p>\n<p>Christian \u00e8 il primogenito di due fratelli e vive con sua madre ad Antohamadinika, nella periferia della capitale Antananarivo.<\/p>\n<p>La vita di Christian ha preso una piega molto difficile quando ha perso suo padre. Con risorse limitate, ha dovuto lasciare la scuola. Sua madre, l&#8217;unico sostegno della famiglia, non poteva permettersi di mandarlo a scuola.<\/p>\n<p>Christian ha dovuto iniziare a cercare lavoro fin da giovane, determinato ad aiutare la famiglia, ma senza un&#8217;istruzione trovava solo lavori instabili e poco qualificati.<\/p>\n<p>Tutto \u00e8 cambiato quando Christian ha trovato il nostro Atelier des Fr\u00e8res lasalliano.<\/p>\n<p>In questo centro non si garantisce solo la formazione nella lavorazione del legno, del ferro e dell&#8217;alluminio, ma anche la promozione di competenze che possano davvero permettere a giovani svantaggiati come Christian opportunit\u00e0 migliori in futuro.<\/p>\n<p>Nel corso degli ultimi sei mesi, ha acquisito le competenze e l&#8217;esperienza necessarie per padroneggiare l&#8217;arte di falegname, ed \u00e8 orgoglioso dell&#8217;opportunit\u00e0 che l&#8217;Atelier des Fr\u00e8res gli ha offerto.<\/p>\n<p><em>&#8220;Ora potr\u00f2 trovare lavoro e avere finalmente una vita &#8220;normale&#8221;.\u00a0<\/em><\/p>\n<\/div><div class=\"fusion-image-element awb-imageframe-style awb-imageframe-style-below awb-imageframe-style-1\" style=\"text-align:center;--awb-margin-top:50px;--awb-margin-bottom:30px;--awb-caption-text-size:var(--awb-typography5-font-size);--awb-caption-text-transform:var(--awb-typography5-text-transform);--awb-caption-text-line-height:var(--awb-typography5-line-height);--awb-caption-text-letter-spacing:var(--awb-typography5-letter-spacing);--awb-caption-margin-top:20px;--awb-caption-margin-bottom:40px;--awb-caption-title-font-family:var(--awb-typography5-font-family);--awb-caption-title-font-weight:var(--awb-typography5-font-weight);--awb-caption-title-font-style:var(--awb-typography5-font-style);--awb-caption-title-size:var(--awb-typography5-font-size);--awb-caption-title-transform:var(--awb-typography5-text-transform);--awb-caption-title-line-height:var(--awb-typography5-line-height);--awb-caption-title-letter-spacing:var(--awb-typography5-letter-spacing);--awb-caption-text-font-family:var(--awb-typography5-font-family);--awb-caption-text-font-weight:var(--awb-typography5-font-weight);--awb-caption-text-font-style:var(--awb-typography5-font-style);\"><span class=\" fusion-imageframe imageframe-none imageframe-1 hover-type-none\"><img decoding=\"async\" width=\"300\" height=\"200\" title=\"IMG_9788\" src=\"https:\/\/www.lasallefoundation.org\/wp-content\/uploads\/2022\/08\/IMG_9788-scaled.jpg\" data-orig-src=\"https:\/\/www.lasallefoundation.org\/wp-content\/uploads\/2022\/08\/IMG_9788-300x200.jpg\" alt class=\"lazyload img-responsive wp-image-3653\" srcset=\"data:image\/svg+xml,%3Csvg%20xmlns%3D%27http%3A%2F%2Fwww.w3.org%2F2000%2Fsvg%27%20width%3D%272560%27%20height%3D%271707%27%20viewBox%3D%270%200%202560%201707%27%3E%3Crect%20width%3D%272560%27%20height%3D%271707%27%20fill-opacity%3D%220%22%2F%3E%3C%2Fsvg%3E\" data-srcset=\"https:\/\/www.lasallefoundation.org\/wp-content\/uploads\/2022\/08\/IMG_9788-200x133.jpg 200w, https:\/\/www.lasallefoundation.org\/wp-content\/uploads\/2022\/08\/IMG_9788-400x267.jpg 400w, https:\/\/www.lasallefoundation.org\/wp-content\/uploads\/2022\/08\/IMG_9788-600x400.jpg 600w, https:\/\/www.lasallefoundation.org\/wp-content\/uploads\/2022\/08\/IMG_9788-800x533.jpg 800w, https:\/\/www.lasallefoundation.org\/wp-content\/uploads\/2022\/08\/IMG_9788-1200x800.jpg 1200w\" data-sizes=\"auto\" data-orig-sizes=\"(max-width: 700px) 100vw, 1200px\" \/><\/span><div class=\"awb-imageframe-caption-container\"><div class=\"awb-imageframe-caption\"><h2 class=\"awb-imageframe-caption-title\">Christian al centro di formazione<\/h2><\/div><\/div><\/div><\/div><\/div><\/div><\/div>\n","protected":false},"excerpt":{"rendered":"<p>Donec rutrum congue leo eget malesuada lorem ipsum dolor sit amet.<\/p>\n","protected":false},"author":1,"featured_media":3657,"comment_status":"closed","ping_status":"closed","sticky":false,"template":"","format":"standard","meta":{"om_disable_all_campaigns":false,"_monsterinsights_skip_tracking":false,"_monsterinsights_sitenote_active":false,"_monsterinsights_sitenote_note":"","_monsterinsights_sitenote_category":0,"_uf_show_specific_survey":0,"_uf_disable_surveys":false,"footnotes":""},"categories":[2],"tags":[],"class_list":["post-1279","post","type-post","status-publish","format-standard","has-post-thumbnail","hentry","category-news"],"aioseo_notices":[],"_links":{"self":[{"href":"https:\/\/www.lasallefoundation.org\/it\/wp-json\/wp\/v2\/posts\/1279","targetHints":{"allow":["GET"]}}],"collection":[{"href":"https:\/\/www.lasallefoundation.org\/it\/wp-json\/wp\/v2\/posts"}],"about":[{"href":"https:\/\/www.lasallefoundation.org\/it\/wp-json\/wp\/v2\/types\/post"}],"author":[{"embeddable":true,"href":"https:\/\/www.lasallefoundation.org\/it\/wp-json\/wp\/v2\/users\/1"}],"replies":[{"embeddable":true,"href":"https:\/\/www.lasallefoundation.org\/it\/wp-json\/wp\/v2\/comments?post=1279"}],"version-history":[{"count":4,"href":"https:\/\/www.lasallefoundation.org\/it\/wp-json\/wp\/v2\/posts\/1279\/revisions"}],"predecessor-version":[{"id":3661,"href":"https:\/\/www.lasallefoundation.org\/it\/wp-json\/wp\/v2\/posts\/1279\/revisions\/3661"}],"wp:featuredmedia":[{"embeddable":true,"href":"https:\/\/www.lasallefoundation.org\/it\/wp-json\/wp\/v2\/media\/3657"}],"wp:attachment":[{"href":"https:\/\/www.lasallefoundation.org\/it\/wp-json\/wp\/v2\/media?parent=1279"}],"wp:term":[{"taxonomy":"category","embeddable":true,"href":"https:\/\/www.lasallefoundation.org\/it\/wp-json\/wp\/v2\/categories?post=1279"},{"taxonomy":"post_tag","embeddable":true,"href":"https:\/\/www.lasallefoundation.org\/it\/wp-json\/wp\/v2\/tags?post=1279"}],"curies":[{"name":"wp","href":"https:\/\/api.w.org\/{rel}","templated":true}]}}