{"id":5132,"date":"2024-07-02T10:18:57","date_gmt":"2024-07-02T08:18:57","guid":{"rendered":"https:\/\/www.lasallefoundation.org\/lhistoire-du-petit-levi-emanuel\/"},"modified":"2024-08-14T12:02:00","modified_gmt":"2024-08-14T10:02:00","slug":"lhistoire-du-petit-levi-emanuel","status":"publish","type":"post","link":"https:\/\/www.lasallefoundation.org\/fr\/lhistoire-du-petit-levi-emanuel\/","title":{"rendered":"L&rsquo;histoire du petit Levi Emanuel"},"content":{"rendered":"<div class=\"fusion-fullwidth fullwidth-box fusion-builder-row-1 fusion-flex-container nonhundred-percent-fullwidth non-hundred-percent-height-scrolling\" style=\"--awb-border-radius-top-left:0px;--awb-border-radius-top-right:0px;--awb-border-radius-bottom-right:0px;--awb-border-radius-bottom-left:0px;--awb-flex-wrap:wrap;\" ><div class=\"fusion-builder-row fusion-row fusion-flex-align-items-flex-start fusion-flex-justify-content-center fusion-flex-content-wrap\" style=\"max-width:1248px;margin-left: calc(-4% \/ 2 );margin-right: calc(-4% \/ 2 );\"><div class=\"fusion-layout-column fusion_builder_column fusion-builder-column-0 fusion_builder_column_1_1 1_1 fusion-flex-column\" style=\"--awb-bg-size:cover;--awb-width-large:100%;--awb-margin-top-large:0px;--awb-spacing-right-large:1.92%;--awb-margin-bottom-large:0px;--awb-spacing-left-large:1.92%;--awb-width-medium:100%;--awb-order-medium:0;--awb-spacing-right-medium:1.92%;--awb-spacing-left-medium:1.92%;--awb-width-small:100%;--awb-order-small:0;--awb-spacing-right-small:1.92%;--awb-spacing-left-small:1.92%;\"><div class=\"fusion-column-wrapper fusion-column-has-shadow fusion-flex-justify-content-flex-start fusion-content-layout-column\"><div class=\"fusion-title title fusion-title-1 fusion-sep-none fusion-title-text fusion-title-size-two\" style=\"--awb-margin-bottom:30px;--awb-margin-top-small:10px;--awb-margin-right-small:0px;--awb-margin-bottom-small:10px;--awb-margin-left-small:0px;\"><h2 class=\"fusion-title-heading title-heading-left\" style=\"margin:0;\">L&rsquo;histoire du petit Levi Emanuel<\/h2><\/div><div class=\"fusion-text fusion-text-1\"><p>Le matin du 4 mai devait \u00eatre comme tous les autres dans le quartier Mathias Velho de Canoas, au Br\u00e9sil. Joseane Rosa, ou Josi, comme on l&rsquo;appelle affectueusement, \u00e9tait chez elle avec ses deux enfants et attendait avec impatience l&rsquo;arriv\u00e9e du troisi\u00e8me, Levi Emanuel, pr\u00e9vue dans quelques jours. Mais ce matin-l\u00e0, Josi savait que ce serait diff\u00e9rent. Il pleuvait depuis des jours et l&rsquo;effondrement imminent d&rsquo;un barrage \u00e0 proximit\u00e9 montrait que le destin avait d&rsquo;autres plans.<\/p>\n<p>En mai, l&rsquo;\u00c9tat de Rio Grande Do Sul a affront\u00e9 l&rsquo;une des inondations les plus graves de son histoire. Plus de cinq cent mille personnes ont perdu leur maison. Parmi elles se trouvaient Josi et sa famille. Parmi elles se trouvaient Josi et sa famille. La famille La Salle du monde entier a pris des mesures imm\u00e9diates, <a href=\"https:\/\/www.lasallefoundation.org\/fr\/inondations-au-bresil\/\">Nous vous expliquons ici comment.<\/a><\/p>\n<p>Josi, au neuvi\u00e8me mois de grossesse, apr\u00e8s des heures pass\u00e9es dans l&rsquo;eau glac\u00e9e et insalubre, a trouv\u00e9 refuge au Centre sportif de l&rsquo;Universit\u00e9 La Salle de Canoas, qui, imm\u00e9diatement apr\u00e8s la trag\u00e9die, a ouvert ses portes \u00e0 ceux qui avaient tout perdu dans l&rsquo;inondation. Josi a \u00e9t\u00e9 accueillie avec ses enfants et le 22 mai, les infirmi\u00e8res de l&rsquo;Universit\u00e9 l&rsquo;ont accompagn\u00e9e \u00e0 l&rsquo;h\u00f4pital pour donner naissance \u00e0 Levi Emanuel.<\/p>\n<\/div><div class=\"fusion-separator fusion-full-width-sep\" style=\"align-self: center;margin-left: auto;margin-right: auto;margin-top:20px;margin-bottom:40px;width:100%;\"><\/div><div class=\"fusion-image-element \" style=\"text-align:center;--awb-caption-title-font-family:var(--h2_typography-font-family);--awb-caption-title-font-weight:var(--h2_typography-font-weight);--awb-caption-title-font-style:var(--h2_typography-font-style);--awb-caption-title-size:var(--h2_typography-font-size);--awb-caption-title-transform:var(--h2_typography-text-transform);--awb-caption-title-line-height:var(--h2_typography-line-height);--awb-caption-title-letter-spacing:var(--h2_typography-letter-spacing);\"><span class=\" fusion-imageframe imageframe-none imageframe-1 hover-type-none\"><img decoding=\"async\" width=\"800\" height=\"600\" title=\"levi emanuel\" src=\"https:\/\/www.lasallefoundation.org\/wp-content\/uploads\/2024\/07\/levi-emanuel.jpg\" data-orig-src=\"https:\/\/www.lasallefoundation.org\/wp-content\/uploads\/2024\/07\/levi-emanuel.jpg\" alt class=\"lazyload img-responsive wp-image-5120\" srcset=\"data:image\/svg+xml,%3Csvg%20xmlns%3D%27http%3A%2F%2Fwww.w3.org%2F2000%2Fsvg%27%20width%3D%27800%27%20height%3D%27600%27%20viewBox%3D%270%200%20800%20600%27%3E%3Crect%20width%3D%27800%27%20height%3D%27600%27%20fill-opacity%3D%220%22%2F%3E%3C%2Fsvg%3E\" data-srcset=\"https:\/\/www.lasallefoundation.org\/wp-content\/uploads\/2024\/07\/levi-emanuel-200x150.jpg 200w, https:\/\/www.lasallefoundation.org\/wp-content\/uploads\/2024\/07\/levi-emanuel-400x300.jpg 400w, https:\/\/www.lasallefoundation.org\/wp-content\/uploads\/2024\/07\/levi-emanuel-600x450.jpg 600w, https:\/\/www.lasallefoundation.org\/wp-content\/uploads\/2024\/07\/levi-emanuel.jpg 800w\" data-sizes=\"auto\" data-orig-sizes=\"(max-width: 700px) 100vw, 800px\" \/><\/span><\/div><div class=\"fusion-separator fusion-full-width-sep\" style=\"align-self: center;margin-left: auto;margin-right: auto;margin-top:50px;margin-bottom:50px;width:100%;\"><\/div><div class=\"fusion-text fusion-text-2\"><p>Lorsque l&rsquo;Universit\u00e9 La Salle a d\u00fb reprendre les cours, les victimes de l&rsquo;inondation ont \u00e9t\u00e9 accueillies au Centre Pastoral La Salle, o\u00f9 des centaines de familles attendent de pouvoir retourner chez elles, tout en recevant de l&rsquo;eau, de la nourriture, une assistance m\u00e9dicale et \u00e9galement de l&rsquo;aide pour reconstruire leurs habitations.<\/p>\n<p>Pour Josi, une chambre sp\u00e9ciale a \u00e9t\u00e9 am\u00e9nag\u00e9e pour qu&rsquo;elle puisse prendre soin de son petit, et une surprise encore plus grande est arriv\u00e9e de la part du R\u00e9seau La Salle. Levi Emanuel a re\u00e7u une bourse d&rsquo;\u00e9tudes de la maternelle jusqu&rsquo;\u00e0 l&rsquo;universit\u00e9 !<em>\u00ab\u00a0Je suis sans voix. Parce que nous n&rsquo;avons pas travers\u00e9 tout cela en vain, Dieu a un but pour chaque chose et c&rsquo;est le but. Je n&rsquo;imaginais pas que cela arriverait et c&rsquo;est tr\u00e8s \u00e9mouvant. Je suis heureuse car son avenir est assur\u00e9. Merci \u00e0 vous, La Salle<\/em>\u00ab\u00a0, a d\u00e9clar\u00e9 Josi.<\/p>\n<p>Le Recteur d&rsquo;Unilasalle, Prof. Dr. Fr. Cledes Antonio Casagrande, le coordinateur g\u00e9n\u00e9ral de la Funda\u00e7\u00e3o La Salle, Lucinei Hanauer, le directeur du Col\u00e9gio La Salle Canoas, Aureo Kerbes, et le directeur du Col\u00e9gio La Salle Niter\u00f3i, Fr. Claudio Dierings, \u00e9taient pr\u00e9sents au refuge pour signer l&rsquo;accord officialisant la bourse d&rsquo;\u00e9tudes.<\/p>\n<\/div><div class=\"fusion-separator fusion-full-width-sep\" style=\"align-self: center;margin-left: auto;margin-right: auto;margin-top:20px;margin-bottom:40px;width:100%;\"><\/div><div class=\"fusion-image-element \" style=\"text-align:center;--awb-caption-title-font-family:var(--h2_typography-font-family);--awb-caption-title-font-weight:var(--h2_typography-font-weight);--awb-caption-title-font-style:var(--h2_typography-font-style);--awb-caption-title-size:var(--h2_typography-font-size);--awb-caption-title-transform:var(--h2_typography-text-transform);--awb-caption-title-line-height:var(--h2_typography-line-height);--awb-caption-title-letter-spacing:var(--h2_typography-letter-spacing);\"><span class=\" fusion-imageframe imageframe-none imageframe-2 hover-type-none\"><img decoding=\"async\" width=\"800\" height=\"600\" title=\"levi emanuel2\" src=\"https:\/\/www.lasallefoundation.org\/wp-content\/uploads\/2024\/07\/levi-emanuel2.jpg\" data-orig-src=\"https:\/\/www.lasallefoundation.org\/wp-content\/uploads\/2024\/07\/levi-emanuel2.jpg\" alt class=\"lazyload img-responsive wp-image-5124\" srcset=\"data:image\/svg+xml,%3Csvg%20xmlns%3D%27http%3A%2F%2Fwww.w3.org%2F2000%2Fsvg%27%20width%3D%27800%27%20height%3D%27600%27%20viewBox%3D%270%200%20800%20600%27%3E%3Crect%20width%3D%27800%27%20height%3D%27600%27%20fill-opacity%3D%220%22%2F%3E%3C%2Fsvg%3E\" data-srcset=\"https:\/\/www.lasallefoundation.org\/wp-content\/uploads\/2024\/07\/levi-emanuel2-200x150.jpg 200w, https:\/\/www.lasallefoundation.org\/wp-content\/uploads\/2024\/07\/levi-emanuel2-400x300.jpg 400w, https:\/\/www.lasallefoundation.org\/wp-content\/uploads\/2024\/07\/levi-emanuel2-600x450.jpg 600w, https:\/\/www.lasallefoundation.org\/wp-content\/uploads\/2024\/07\/levi-emanuel2.jpg 800w\" data-sizes=\"auto\" data-orig-sizes=\"(max-width: 700px) 100vw, 800px\" \/><\/span><\/div><div class=\"fusion-separator fusion-full-width-sep\" style=\"align-self: center;margin-left: auto;margin-right: auto;margin-top:20px;margin-bottom:40px;width:100%;\"><\/div><div class=\"fusion-text fusion-text-3\"><p>\u00ab\u00a0<em>Aujourd&rsquo;hui, nous repr\u00e9sentons toute la communaut\u00e9 \u00e9ducative et le R\u00e9seau La Salle, et nous nous sentons reconnaissants pour cette vie qui na\u00eet parmi nous et, en m\u00eame temps, nous r\u00e9affirmons notre engagement pour la formation et l&rsquo;\u00e9ducation humaine et chr\u00e9tienne des enfants et des jeunes du monde entier<\/em>\u00ab\u00a0, a d\u00e9clar\u00e9 le Recteur.<\/p>\n<p>\u00ab\u00a0<em>Pour nous, c&rsquo;est une joie, une b\u00e9n\u00e9diction d&rsquo;avoir cette naissance dans notre refuge En tant qu&rsquo;institution, nous avons pris l&rsquo;engagement social d&rsquo;aider cette famille. Nous savons que le retour \u00e0 la maison sera difficile, mais ils peuvent compter sur notre soutien pour que Levi Emanuel puisse grandir en bonne sant\u00e9 et heureux<\/em>\u00a0\u00bb a ajout\u00e9 le directeur de la Funda\u00e7\u00e3o La Salle, Lucinei Hanauer.<\/p>\n<\/div><\/div><\/div><\/div><\/div>\n","protected":false},"excerpt":{"rendered":"<p>Rio Grande Do Sul, Br\u00e9sil<\/p>\n","protected":false},"author":2,"featured_media":5120,"comment_status":"closed","ping_status":"closed","sticky":false,"template":"","format":"standard","meta":{"om_disable_all_campaigns":false,"_monsterinsights_skip_tracking":false,"_monsterinsights_sitenote_active":false,"_monsterinsights_sitenote_note":"","_monsterinsights_sitenote_category":0,"_uf_show_specific_survey":0,"_uf_disable_surveys":false,"footnotes":""},"categories":[56],"tags":[],"class_list":["post-5132","post","type-post","status-publish","format-standard","has-post-thumbnail","hentry","category-news-fr"],"aioseo_notices":[],"_links":{"self":[{"href":"https:\/\/www.lasallefoundation.org\/fr\/wp-json\/wp\/v2\/posts\/5132","targetHints":{"allow":["GET"]}}],"collection":[{"href":"https:\/\/www.lasallefoundation.org\/fr\/wp-json\/wp\/v2\/posts"}],"about":[{"href":"https:\/\/www.lasallefoundation.org\/fr\/wp-json\/wp\/v2\/types\/post"}],"author":[{"embeddable":true,"href":"https:\/\/www.lasallefoundation.org\/fr\/wp-json\/wp\/v2\/users\/2"}],"replies":[{"embeddable":true,"href":"https:\/\/www.lasallefoundation.org\/fr\/wp-json\/wp\/v2\/comments?post=5132"}],"version-history":[{"count":3,"href":"https:\/\/www.lasallefoundation.org\/fr\/wp-json\/wp\/v2\/posts\/5132\/revisions"}],"predecessor-version":[{"id":5143,"href":"https:\/\/www.lasallefoundation.org\/fr\/wp-json\/wp\/v2\/posts\/5132\/revisions\/5143"}],"wp:featuredmedia":[{"embeddable":true,"href":"https:\/\/www.lasallefoundation.org\/fr\/wp-json\/wp\/v2\/media\/5120"}],"wp:attachment":[{"href":"https:\/\/www.lasallefoundation.org\/fr\/wp-json\/wp\/v2\/media?parent=5132"}],"wp:term":[{"taxonomy":"category","embeddable":true,"href":"https:\/\/www.lasallefoundation.org\/fr\/wp-json\/wp\/v2\/categories?post=5132"},{"taxonomy":"post_tag","embeddable":true,"href":"https:\/\/www.lasallefoundation.org\/fr\/wp-json\/wp\/v2\/tags?post=5132"}],"curies":[{"name":"wp","href":"https:\/\/api.w.org\/{rel}","templated":true}]}}